{"id":4049,"date":"2021-09-24T20:59:10","date_gmt":"2021-09-24T18:59:10","guid":{"rendered":"https:\/\/subamacon.com\/?p=4049"},"modified":"2023-10-26T13:49:06","modified_gmt":"2023-10-26T11:49:06","slug":"assemblee-generale-2021","status":"publish","type":"post","link":"https:\/\/subamacon.com\/index.php\/2021\/09\/24\/assemblee-generale-2021\/","title":{"rendered":"Assembl\u00e9e G\u00e9n\u00e9rale 2021"},"content":{"rendered":"[et_pb_section admin_label=\u00a0\u00bbsection\u00a0\u00bb]\n\t\t\t[et_pb_row admin_label=\u00a0\u00bbrow\u00a0\u00bb]\n\t\t\t\t[et_pb_column type=\u00a0\u00bb4_4&Prime;][et_pb_text admin_label=\u00a0\u00bbText\u00a0\u00bb]\n<p class=\"has-text-align-left has-vivid-red-color has-text-color\" style=\"font-size:30px\"><strong>Vendredi 19 novembre 2021<\/strong><\/p>\n\n\n\n<p class=\"has-black-color has-text-color has-medium-font-size\"><strong>Accueil : 19h30   \/\/\/ D\u00e9but de la s\u00e9ance : 20h00<\/strong><\/p>\n\n\n\n<p class=\"has-black-color has-text-color has-normal-font-size\">Le CSM vous invite \u00e0 venir participer \u00e0 l&rsquo;Assembl\u00e9e G\u00e9n\u00e9rale<br><br>Participez \u00e0 la vie de votre club&#8230;<br>Que s&rsquo;est-il pass\u00e9 durant la saison pass\u00e9e ?<br>Quels sont les projets pour la saison \u00e0 venir ?<\/p>\n\n\n\n<p class=\"has-black-color has-text-color has-medium-font-size\"><strong>Venez nombreux !!!<\/strong><\/p>\n\n\n\n<p class=\"has-black-color has-pale-cyan-blue-background-color has-text-color has-background has-medium-font-size\">Lieu de la r\u00e9union : Centre Omnisports M\u00e2connais <\/p>\n\n\n\n<p class=\"has-black-color has-text-color\">389 avenue Mar\u00e9chal de Lattre de Tassigny &#8211; 71000 MACON<\/p>\n\n\n\n<p class=\"has-black-color has-text-color\">Pour acc\u00e9der \u00e0 la salle, vous devez passer par la cour des R\u00e9gates, \u00e0 gauche de l&rsquo;entr\u00e9e du Centre Paul Bert. Un fl\u00e9chage vous guidera sur place.<strong> Parking \u00e0 l\u2019ext\u00e9rieur obligatoire !!<\/strong><\/p>\n\n\n\n<figure class=\"wp-block-image size-full\"><img loading=\"lazy\" decoding=\"async\" width=\"1000\" height=\"593\" src=\"https:\/\/subamacon.com\/wp-content\/uploads\/2021\/09\/Le-COM2.jpg\" alt=\"\" class=\"wp-image-4343\" srcset=\"https:\/\/subamacon.com\/wp-content\/uploads\/2021\/09\/Le-COM2.jpg 1000w, https:\/\/subamacon.com\/wp-content\/uploads\/2021\/09\/Le-COM2-600x356.jpg 600w, https:\/\/subamacon.com\/wp-content\/uploads\/2021\/09\/Le-COM2-300x178.jpg 300w, https:\/\/subamacon.com\/wp-content\/uploads\/2021\/09\/Le-COM2-768x455.jpg 768w\" sizes=\"(max-width: 1000px) 100vw, 1000px\" \/><\/figure>\n\n\n\n<figure class=\"wp-block-gallery columns-1 is-cropped wp-block-gallery-1 is-layout-flex wp-block-gallery-is-layout-flex\"><ul class=\"blocks-gallery-grid\"><li class=\"blocks-gallery-item\"><figure><img loading=\"lazy\" decoding=\"async\" width=\"785\" height=\"534\" src=\"https:\/\/subamacon.com\/wp-content\/uploads\/2021\/11\/Le-COM.jpg\" alt=\"\" data-id=\"4340\" data-full-url=\"https:\/\/subamacon.com\/wp-content\/uploads\/2021\/11\/Le-COM.jpg\" data-link=\"https:\/\/subamacon.com\/index.php\/2021\/09\/24\/assemblee-generale-2021\/le-com\/\" class=\"wp-image-4340\" srcset=\"https:\/\/subamacon.com\/wp-content\/uploads\/2021\/11\/Le-COM.jpg 785w, https:\/\/subamacon.com\/wp-content\/uploads\/2021\/11\/Le-COM-600x408.jpg 600w, https:\/\/subamacon.com\/wp-content\/uploads\/2021\/11\/Le-COM-300x204.jpg 300w, https:\/\/subamacon.com\/wp-content\/uploads\/2021\/11\/Le-COM-768x522.jpg 768w\" sizes=\"(max-width: 785px) 100vw, 785px\" \/><\/figure><\/li><\/ul><\/figure>\n\n\n\n<p class=\"has-black-color has-pale-cyan-blue-background-color has-text-color has-background has-medium-font-size\">Pour terminer la soir\u00e9e dans la bonne humeur&#8230; Un buffet convivial sera propos\u00e9 \u00e0 l\u2019issue de la r\u00e9union !<\/p>\n[\/et_pb_text][\/et_pb_column]\n\t\t\t[\/et_pb_row]\n\t\t[\/et_pb_section]","protected":false},"excerpt":{"rendered":"<p>Vendredi 19 novembre 2021 Accueil : 19h30 \/\/\/ D\u00e9but de la s\u00e9ance : 20h00 Le CSM vous invite \u00e0 venir participer \u00e0 l&rsquo;Assembl\u00e9e G\u00e9n\u00e9raleParticipez \u00e0 la vie de votre club&#8230;Que [&hellip;]<\/p>\n","protected":false},"author":3,"featured_media":1608,"comment_status":"closed","ping_status":"closed","sticky":false,"template":"","format":"standard","meta":{"_et_pb_use_builder":"on","_et_pb_old_content":"<!-- wp:paragraph {\"align\":\"left\",\"style\":{\"typography\":{\"fontSize\":\"30px\"}},\"textColor\":\"vivid-red\"} -->\n<p class=\"has-text-align-left has-vivid-red-color has-text-color\" style=\"font-size:30px\"><strong>Vendredi 19 novembre 2021<\/strong><\/p>\n<!-- \/wp:paragraph -->\n\n<!-- wp:paragraph {\"textColor\":\"black\",\"fontSize\":\"medium\"} -->\n<p class=\"has-black-color has-text-color has-medium-font-size\"><strong>Accueil : 19h30   \/\/\/ D\u00e9but de la s\u00e9ance : 20h00<\/strong><\/p>\n<!-- \/wp:paragraph -->\n\n<!-- wp:paragraph {\"textColor\":\"black\",\"fontSize\":\"normal\"} -->\n<p class=\"has-black-color has-text-color has-normal-font-size\">Le CSM vous invite \u00e0 venir participer \u00e0 l'Assembl\u00e9e G\u00e9n\u00e9rale<br><br>Participez \u00e0 la vie de votre club...<br>Que s'est-il pass\u00e9 durant la saison pass\u00e9e ?<br>Quels sont les projets pour la saison \u00e0 venir ?<\/p>\n<!-- \/wp:paragraph -->\n\n<!-- wp:paragraph {\"textColor\":\"black\",\"fontSize\":\"medium\"} -->\n<p class=\"has-black-color has-text-color has-medium-font-size\"><strong>Venez nombreux !!!<\/strong><\/p>\n<!-- \/wp:paragraph -->\n\n<!-- wp:paragraph {\"backgroundColor\":\"pale-cyan-blue\",\"textColor\":\"black\",\"fontSize\":\"medium\"} -->\n<p class=\"has-black-color has-pale-cyan-blue-background-color has-text-color has-background has-medium-font-size\">Lieu de la r\u00e9union : Centre Omnisports M\u00e2connais <\/p>\n<!-- \/wp:paragraph -->\n\n<!-- wp:paragraph {\"textColor\":\"black\"} -->\n<p class=\"has-black-color has-text-color\">389 avenue Mar\u00e9chal de Lattre de Tassigny - 71000 MACON<\/p>\n<!-- \/wp:paragraph -->\n\n<!-- wp:paragraph {\"textColor\":\"black\"} -->\n<p class=\"has-black-color has-text-color\">Pour acc\u00e9der \u00e0 la salle, vous devez passer par la cour des R\u00e9gates, \u00e0 gauche de l'entr\u00e9e du Centre Paul Bert. Un fl\u00e9chage vous guidera sur place.<strong> Parking \u00e0 l\u2019ext\u00e9rieur obligatoire !!<\/strong><\/p>\n<!-- \/wp:paragraph -->\n\n<!-- wp:image {\"id\":4343,\"sizeSlug\":\"full\",\"linkDestination\":\"none\"} -->\n<figure class=\"wp-block-image size-full\"><img src=\"https:\/\/subamacon.com\/wp-content\/uploads\/2021\/09\/Le-COM2.jpg\" alt=\"\" class=\"wp-image-4343\"\/><\/figure>\n<!-- \/wp:image -->\n\n<!-- wp:gallery {\"ids\":[4340],\"linkTo\":\"none\"} -->\n<figure class=\"wp-block-gallery columns-1 is-cropped\"><ul class=\"blocks-gallery-grid\"><li class=\"blocks-gallery-item\"><figure><img src=\"https:\/\/subamacon.com\/wp-content\/uploads\/2021\/11\/Le-COM.jpg\" alt=\"\" data-id=\"4340\" data-full-url=\"https:\/\/subamacon.com\/wp-content\/uploads\/2021\/11\/Le-COM.jpg\" data-link=\"https:\/\/subamacon.com\/index.php\/2021\/09\/24\/assemblee-generale-2021\/le-com\/\" class=\"wp-image-4340\"\/><\/figure><\/li><\/ul><\/figure>\n<!-- \/wp:gallery -->\n\n<!-- wp:paragraph {\"backgroundColor\":\"pale-cyan-blue\",\"textColor\":\"black\",\"fontSize\":\"medium\"} -->\n<p class=\"has-black-color has-pale-cyan-blue-background-color has-text-color has-background has-medium-font-size\">Pour terminer la soir\u00e9e dans la bonne humeur... Un buffet convivial sera propos\u00e9 \u00e0 l\u2019issue de la r\u00e9union !<\/p>\n<!-- \/wp:paragraph -->","_et_gb_content_width":"","footnotes":""},"categories":[16],"tags":[],"class_list":["post-4049","post","type-post","status-publish","format-standard","has-post-thumbnail","hentry","category-codir","et-has-post-format-content","et_post_format-et-post-format-standard"],"_links":{"self":[{"href":"https:\/\/subamacon.com\/index.php\/wp-json\/wp\/v2\/posts\/4049","targetHints":{"allow":["GET"]}}],"collection":[{"href":"https:\/\/subamacon.com\/index.php\/wp-json\/wp\/v2\/posts"}],"about":[{"href":"https:\/\/subamacon.com\/index.php\/wp-json\/wp\/v2\/types\/post"}],"author":[{"embeddable":true,"href":"https:\/\/subamacon.com\/index.php\/wp-json\/wp\/v2\/users\/3"}],"replies":[{"embeddable":true,"href":"https:\/\/subamacon.com\/index.php\/wp-json\/wp\/v2\/comments?post=4049"}],"version-history":[{"count":8,"href":"https:\/\/subamacon.com\/index.php\/wp-json\/wp\/v2\/posts\/4049\/revisions"}],"predecessor-version":[{"id":244638,"href":"https:\/\/subamacon.com\/index.php\/wp-json\/wp\/v2\/posts\/4049\/revisions\/244638"}],"wp:featuredmedia":[{"embeddable":true,"href":"https:\/\/subamacon.com\/index.php\/wp-json\/wp\/v2\/media\/1608"}],"wp:attachment":[{"href":"https:\/\/subamacon.com\/index.php\/wp-json\/wp\/v2\/media?parent=4049"}],"wp:term":[{"taxonomy":"category","embeddable":true,"href":"https:\/\/subamacon.com\/index.php\/wp-json\/wp\/v2\/categories?post=4049"},{"taxonomy":"post_tag","embeddable":true,"href":"https:\/\/subamacon.com\/index.php\/wp-json\/wp\/v2\/tags?post=4049"}],"curies":[{"name":"wp","href":"https:\/\/api.w.org\/{rel}","templated":true}]}}