{"id":246944,"date":"2025-06-02T14:36:04","date_gmt":"2025-06-02T12:36:04","guid":{"rendered":"https:\/\/subamacon.com\/?p=246944"},"modified":"2025-06-02T21:44:54","modified_gmt":"2025-06-02T19:44:54","slug":"fete-du-port-de-macon","status":"publish","type":"post","link":"https:\/\/subamacon.com\/index.php\/2025\/06\/02\/fete-du-port-de-macon\/","title":{"rendered":"F\u00eate du Port de M\u00e2con"},"content":{"rendered":"<p>[et_pb_section fb_built=\u00a0\u00bb1&Prime; _builder_version=\u00a0\u00bb4.27.4&Prime; _module_preset=\u00a0\u00bbdefault\u00a0\u00bb global_colors_info=\u00a0\u00bb{}\u00a0\u00bb][et_pb_row _builder_version=\u00a0\u00bb4.27.4&Prime; _module_preset=\u00a0\u00bbdefault\u00a0\u00bb global_colors_info=\u00a0\u00bb{}\u00a0\u00bb][et_pb_column type=\u00a0\u00bb4_4&Prime; _builder_version=\u00a0\u00bb4.27.4&Prime; _module_preset=\u00a0\u00bbdefault\u00a0\u00bb global_colors_info=\u00a0\u00bb{}\u00a0\u00bb][et_pb_text _builder_version=\u00a0\u00bb4.27.4&Prime; _module_preset=\u00a0\u00bbdefault\u00a0\u00bb text_font=\u00a0\u00bbArchivo Black||||||||\u00a0\u00bb text_text_color=\u00a0\u00bb#1A0052&Prime; text_font_size=\u00a0\u00bb28px\u00a0\u00bb hover_enabled=\u00a0\u00bb0&Prime; global_colors_info=\u00a0\u00bb{}\u00a0\u00bb sticky_enabled=\u00a0\u00bb0&Prime;]<\/p>\n<p style=\"text-align: center;\">Pour d\u00e9couvrir et faire d\u00e9couvrir<\/p>\n<p>[\/et_pb_text][\/et_pb_column][\/et_pb_row][et_pb_row _builder_version=\u00a0\u00bb4.27.4&Prime; _module_preset=\u00a0\u00bbdefault\u00a0\u00bb global_colors_info=\u00a0\u00bb{}\u00a0\u00bb][et_pb_column type=\u00a0\u00bb4_4&Prime; _builder_version=\u00a0\u00bb4.27.4&Prime; _module_preset=\u00a0\u00bbdefault\u00a0\u00bb global_colors_info=\u00a0\u00bb{}\u00a0\u00bb][et_pb_image src=\u00a0\u00bbhttps:\/\/subamacon.com\/wp-content\/uploads\/2025\/06\/JPO-CENTRE-NAUTIQUE-5JUILLET-2-pdf.jpg\u00a0\u00bb title_text=\u00a0\u00bbJPO-CENTRE NAUTIQUE-5JUILLET 2&Prime; _builder_version=\u00a0\u00bb4.27.4&Prime; _module_preset=\u00a0\u00bbdefault\u00a0\u00bb global_colors_info=\u00a0\u00bb{}\u00a0\u00bb][\/et_pb_image][\/et_pb_column][\/et_pb_row][et_pb_row _builder_version=\u00a0\u00bb4.27.4&Prime; _module_preset=\u00a0\u00bbdefault\u00a0\u00bb global_colors_info=\u00a0\u00bb{}\u00a0\u00bb][et_pb_column type=\u00a0\u00bb4_4&Prime; _builder_version=\u00a0\u00bb4.27.4&Prime; _module_preset=\u00a0\u00bbdefault\u00a0\u00bb global_colors_info=\u00a0\u00bb{}\u00a0\u00bb][et_pb_text _builder_version=\u00a0\u00bb4.27.4&Prime; _module_preset=\u00a0\u00bbdefault\u00a0\u00bb text_text_color=\u00a0\u00bb#1A0052&Prime; text_font_size=\u00a0\u00bb26px\u00a0\u00bb hover_enabled=\u00a0\u00bb0&Prime; global_colors_info=\u00a0\u00bb{}\u00a0\u00bb sticky_enabled=\u00a0\u00bb0&Prime;]<\/p>\n<p style=\"text-align: center;\"><strong>\u00a0Le Samedi 5 juillet<\/strong><\/p>\n<p style=\"text-align: center;\">Pour tout public : de 10h \u00e0 18h<\/p>\n<p style=\"text-align: center;\">Pour les adh\u00e9rents, on continue jusqu&rsquo;au bout de la nuit !<\/p>\n<p>&nbsp;<\/p>\n<p>[\/et_pb_text][et_pb_text _builder_version=\u00a0\u00bb4.27.4&Prime; _module_preset=\u00a0\u00bbdefault\u00a0\u00bb text_text_color=\u00a0\u00bb#1A0052&Prime; text_font_size=\u00a0\u00bb15px\u00a0\u00bb hover_enabled=\u00a0\u00bb0&Prime; global_colors_info=\u00a0\u00bb{}\u00a0\u00bb sticky_enabled=\u00a0\u00bb0&Prime;]<\/p>\n<p><span style=\"color: #000080;\">La F\u00eate du port regroupera le club de plong\u00e9e, le ski nautique et la voile sur le terrain devant le local du CSM pour une d\u00e9couverte des activit\u00e9s et des adh\u00e9rents de chaque club<\/span><\/p>\n<p><span style=\"color: #000080;\">Les clubs voile et ski nautique proposeront des bapt\u00eames en direct, le CSM proposera des bapt\u00eames sur les cr\u00e9neaux de l&rsquo;\u00e9t\u00e9.<\/span><\/p>\n<p>[\/et_pb_text][et_pb_text _builder_version=\u00a0\u00bb4.27.4&Prime; _module_preset=\u00a0\u00bbdefault\u00a0\u00bb text_text_color=\u00a0\u00bb#1A0052&Prime; text_font_size=\u00a0\u00bb15px\u00a0\u00bb hover_enabled=\u00a0\u00bb0&Prime; global_colors_info=\u00a0\u00bb{}\u00a0\u00bb sticky_enabled=\u00a0\u00bb0&Prime;]<\/p>\n<h4 style=\"text-align: center;\"><span style=\"color: #000080;\"><strong>Nous avons besoin de vous !!<\/strong><\/span><\/h4>\n<p style=\"text-align: center;\"><span style=\"color: #000080;\">Pour que cette journ\u00e9e soit un succ\u00e8s, nous avons besoin d&rsquo;une dizaine de b\u00e9n\u00e9voles motiv\u00e9s pour parler de leur club et de son fonctionnement, de plong\u00e9e, de leur passion, sur le stand (dans le style de 123 M\u00e2con) et inscrire des bapt\u00eames<\/span><\/p>\n<p>[\/et_pb_text][\/et_pb_column][\/et_pb_row][et_pb_row _builder_version=\u00a0\u00bb4.27.4&Prime; _module_preset=\u00a0\u00bbdefault\u00a0\u00bb global_colors_info=\u00a0\u00bb{}\u00a0\u00bb][et_pb_column type=\u00a0\u00bb4_4&Prime; _builder_version=\u00a0\u00bb4.27.4&Prime; _module_preset=\u00a0\u00bbdefault\u00a0\u00bb global_colors_info=\u00a0\u00bb{}\u00a0\u00bb][et_pb_text _builder_version=\u00a0\u00bb4.27.4&Prime; _module_preset=\u00a0\u00bbdefault\u00a0\u00bb text_text_color=\u00a0\u00bb#1A0052&Prime; text_font_size=\u00a0\u00bb15px\u00a0\u00bb hover_enabled=\u00a0\u00bb0&Prime; global_colors_info=\u00a0\u00bb{}\u00a0\u00bb sticky_enabled=\u00a0\u00bb0&Prime;]<\/p>\n<h4 style=\"text-align: center;\"><span style=\"color: #000080;\"><strong>Et d\u00e8s 18h place \u00e0 la soir\u00e9e entre adh\u00e9rents !<\/strong><\/span><\/h4>\n<p style=\"text-align: center;\"><span style=\"color: #000080;\">Une soir\u00e9e priv\u00e9e pour les membres des 3 clubs.<\/span><\/p>\n<p style=\"text-align: center;\"><span style=\"color: #000080;\">Un verre de l&rsquo;amiti\u00e9 sera offert \u00e0 tous par le CSM.\u00a0<\/span><span style=\"color: #000080; font-size: 16px; font-style: inherit; font-variant-caps: inherit;\">Pour le reste&#8230;chacun apporte de quoi grignoter et boire un coup&#8230; pour partager.\u00a0<\/span><\/p>\n<p style=\"text-align: center;\"><span style=\"color: #000080;\">Afin de poursuivre et finir en beaut\u00e9&#8230; musique, piste de danse et ambiance festive !!!<\/span><\/p>\n<p>[\/et_pb_text][et_pb_text _builder_version=\u00a0\u00bb4.27.4&Prime; _module_preset=\u00a0\u00bbdefault\u00a0\u00bb text_font_size=\u00a0\u00bb18px\u00a0\u00bb background_color=\u00a0\u00bb#22f7c2&Prime; use_background_color_gradient=\u00a0\u00bbon\u00a0\u00bb background_color_gradient_stops=\u00a0\u00bb#29c4a9 57%|#2b87da 100%\u00a0\u00bb animation_style=\u00a0\u00bbroll\u00a0\u00bb link_option_url=\u00a0\u00bbhttps:\/\/club-subaquatique-maconnais.assoconnect.com\/surveys\/21433-la-fete-du-port-juillet-2025&Prime; hover_enabled=\u00a0\u00bb0&Prime; box_shadow_style=\u00a0\u00bbpreset1&Prime; global_colors_info=\u00a0\u00bb{}\u00a0\u00bb sticky_enabled=\u00a0\u00bb0&Prime;]<\/p>\n<p style=\"text-align: center;\"><span style=\"color: #000080;\"><strong><\/strong><\/span><\/p>\n<p style=\"text-align: center;\"><a href=\"https:\/\/club-subaquatique-maconnais.assoconnect.com\/surveys\/21433-la-fete-du-port-juillet-2025\" target=\"_blank\" rel=\"noopener\"><span style=\"color: #000080;\"><strong>JE CLIQUE ICI ET JE REPOND AU SONDAGE !!<\/strong><\/span><\/a><\/p>\n<p style=\"text-align: center;\"><span style=\"color: #000080;\"><strong><\/strong><\/span><\/p>\n<p>[\/et_pb_text][\/et_pb_column][\/et_pb_row][et_pb_row _builder_version=\u00a0\u00bb4.27.4&Prime; _module_preset=\u00a0\u00bbdefault\u00a0\u00bb global_colors_info=\u00a0\u00bb{}\u00a0\u00bb][et_pb_column type=\u00a0\u00bb4_4&Prime; _builder_version=\u00a0\u00bb4.27.4&Prime; _module_preset=\u00a0\u00bbdefault\u00a0\u00bb global_colors_info=\u00a0\u00bb{}\u00a0\u00bb][et_pb_image src=\u00a0\u00bbhttps:\/\/subamacon.com\/wp-content\/uploads\/2025\/06\/fete-nuit.png\u00a0\u00bb title_text=\u00a0\u00bbfete nuit\u00a0\u00bb _builder_version=\u00a0\u00bb4.27.4&Prime; _module_preset=\u00a0\u00bbdefault\u00a0\u00bb hover_enabled=\u00a0\u00bb0&Prime; global_colors_info=\u00a0\u00bb{}\u00a0\u00bb align=\u00a0\u00bbcenter\u00a0\u00bb sticky_enabled=\u00a0\u00bb0&Prime;][\/et_pb_image][\/et_pb_column][\/et_pb_row][\/et_pb_section]<\/p>\n","protected":false},"excerpt":{"rendered":"<p>Pour d\u00e9couvrir et faire d\u00e9couvrir\u00a0Le Samedi 5 juillet Pour tout public : de 10h \u00e0 18h Pour les adh\u00e9rents, on continue jusqu&rsquo;au bout de la nuit ! &nbsp;La F\u00eate du [&hellip;]<\/p>\n","protected":false},"author":3,"featured_media":246945,"comment_status":"closed","ping_status":"closed","sticky":false,"template":"","format":"standard","meta":{"_et_pb_use_builder":"on","_et_pb_old_content":"","_et_gb_content_width":"","footnotes":""},"categories":[63],"tags":[],"class_list":["post-246944","post","type-post","status-publish","format-standard","has-post-thumbnail","hentry","category-evenement","et-has-post-format-content","et_post_format-et-post-format-standard"],"_links":{"self":[{"href":"https:\/\/subamacon.com\/index.php\/wp-json\/wp\/v2\/posts\/246944","targetHints":{"allow":["GET"]}}],"collection":[{"href":"https:\/\/subamacon.com\/index.php\/wp-json\/wp\/v2\/posts"}],"about":[{"href":"https:\/\/subamacon.com\/index.php\/wp-json\/wp\/v2\/types\/post"}],"author":[{"embeddable":true,"href":"https:\/\/subamacon.com\/index.php\/wp-json\/wp\/v2\/users\/3"}],"replies":[{"embeddable":true,"href":"https:\/\/subamacon.com\/index.php\/wp-json\/wp\/v2\/comments?post=246944"}],"version-history":[{"count":13,"href":"https:\/\/subamacon.com\/index.php\/wp-json\/wp\/v2\/posts\/246944\/revisions"}],"predecessor-version":[{"id":246972,"href":"https:\/\/subamacon.com\/index.php\/wp-json\/wp\/v2\/posts\/246944\/revisions\/246972"}],"wp:featuredmedia":[{"embeddable":true,"href":"https:\/\/subamacon.com\/index.php\/wp-json\/wp\/v2\/media\/246945"}],"wp:attachment":[{"href":"https:\/\/subamacon.com\/index.php\/wp-json\/wp\/v2\/media?parent=246944"}],"wp:term":[{"taxonomy":"category","embeddable":true,"href":"https:\/\/subamacon.com\/index.php\/wp-json\/wp\/v2\/categories?post=246944"},{"taxonomy":"post_tag","embeddable":true,"href":"https:\/\/subamacon.com\/index.php\/wp-json\/wp\/v2\/tags?post=246944"}],"curies":[{"name":"wp","href":"https:\/\/api.w.org\/{rel}","templated":true}]}}