{"id":245254,"date":"2024-02-17T16:34:50","date_gmt":"2024-02-17T15:34:50","guid":{"rendered":"https:\/\/subamacon.com\/?p=245254"},"modified":"2024-02-19T20:44:23","modified_gmt":"2024-02-19T19:44:23","slug":"comite-directeur-du-csm-preparons-le-changement","status":"publish","type":"post","link":"https:\/\/subamacon.com\/index.php\/2024\/02\/17\/comite-directeur-du-csm-preparons-le-changement\/","title":{"rendered":"Comit\u00e9 Directeur du CSM&#8230; pr\u00e9parons le changement"},"content":{"rendered":"\n[et_pb_section fb_built=\u00a0\u00bb1&Prime; _builder_version=\u00a0\u00bb4.20.2&Prime; _module_preset=\u00a0\u00bbdefault\u00a0\u00bb global_colors_info=\u00a0\u00bb{}\u00a0\u00bb][et_pb_row _builder_version=\u00a0\u00bb4.20.2&Prime; _module_preset=\u00a0\u00bbdefault\u00a0\u00bb global_colors_info=\u00a0\u00bb{}\u00a0\u00bb][et_pb_column type=\u00a0\u00bb4_4&Prime; _builder_version=\u00a0\u00bb4.20.2&Prime; _module_preset=\u00a0\u00bbdefault\u00a0\u00bb global_colors_info=\u00a0\u00bb{}\u00a0\u00bb][et_pb_text _builder_version=\u00a0\u00bb4.20.2&Prime; _module_preset=\u00a0\u00bbdefault\u00a0\u00bb text_text_color=\u00a0\u00bb#00208A\u00a0\u00bb text_font_size=\u00a0\u00bb16px\u00a0\u00bb hover_enabled=\u00a0\u00bb0&Prime; global_colors_info=\u00a0\u00bb{}\u00a0\u00bb sticky_enabled=\u00a0\u00bb0&Prime;]<p>Novembre 2024, <strong>L&rsquo;ASSEMBLEE GENERALE sera ELECTIVE<\/strong>. Du changement aura lieu dans la composition du Comit\u00e9 Directeur.\u00a0<\/p>\n<p>Les 15 nouveaux membres du Codir auront pour 1\u00e8re mission d&rsquo;\u00e9lire le bureau et notamment notre nouveau pr\u00e9sident.\u00a0<\/p>[\/et_pb_text][\/et_pb_column][\/et_pb_row][et_pb_row _builder_version=\u00a0\u00bb4.20.2&Prime; _module_preset=\u00a0\u00bbdefault\u00a0\u00bb global_colors_info=\u00a0\u00bb{}\u00a0\u00bb][et_pb_column type=\u00a0\u00bb4_4&Prime; _builder_version=\u00a0\u00bb4.20.2&Prime; _module_preset=\u00a0\u00bbdefault\u00a0\u00bb global_colors_info=\u00a0\u00bb{}\u00a0\u00bb][et_pb_text _builder_version=\u00a0\u00bb4.20.2&Prime; _module_preset=\u00a0\u00bbdefault\u00a0\u00bb text_text_color=\u00a0\u00bb#00208A\u00a0\u00bb text_font_size=\u00a0\u00bb16px\u00a0\u00bb global_colors_info=\u00a0\u00bb{}\u00a0\u00bb]<p>Quelques explications&#8230;<\/p>\n<p>Le Codir du CSM est compos\u00e9 de 15 personnes minimum selon les statuts de notre association. Voici sa composition actuelle :\u00a0<\/p>[\/et_pb_text][et_pb_image src=\u00a0\u00bbhttps:\/\/subamacon.com\/wp-content\/uploads\/2024\/02\/Organigramme.png\u00a0\u00bb title_text=\u00a0\u00bbOrganigramme\u00a0\u00bb _builder_version=\u00a0\u00bb4.20.2&Prime; _module_preset=\u00a0\u00bbdefault\u00a0\u00bb global_colors_info=\u00a0\u00bb{}\u00a0\u00bb][\/et_pb_image][\/et_pb_column][\/et_pb_row][et_pb_row _builder_version=\u00a0\u00bb4.20.2&Prime; _module_preset=\u00a0\u00bbdefault\u00a0\u00bb][et_pb_column _builder_version=\u00a0\u00bb4.20.2&Prime; _module_preset=\u00a0\u00bbdefault\u00a0\u00bb type=\u00a0\u00bb4_4&Prime;][et_pb_text _builder_version=\u00a0\u00bb4.20.2&Prime; _module_preset=\u00a0\u00bbdefault\u00a0\u00bb text_text_color=\u00a0\u00bb#00208A\u00a0\u00bb text_font_size=\u00a0\u00bb16px\u00a0\u00bb hover_enabled=\u00a0\u00bb0&Prime; sticky_enabled=\u00a0\u00bb0&Prime;]<p style=\"text-align: justify;\">Philippe GOURBEYRE a \u00e9t\u00e9 r\u00e9cemment coopt\u00e9 afin d&rsquo;occuper le poste laiss\u00e9 vacant par Franck Gu\u00e9rin.<\/p>[\/et_pb_text][\/et_pb_column][\/et_pb_row][et_pb_row _builder_version=\u00a0\u00bb4.20.2&Prime; _module_preset=\u00a0\u00bbdefault\u00a0\u00bb global_colors_info=\u00a0\u00bb{}\u00a0\u00bb][et_pb_column type=\u00a0\u00bb4_4&Prime; _builder_version=\u00a0\u00bb4.20.2&Prime; _module_preset=\u00a0\u00bbdefault\u00a0\u00bb global_colors_info=\u00a0\u00bb{}\u00a0\u00bb][et_pb_text _builder_version=\u00a0\u00bb4.20.2&Prime; _module_preset=\u00a0\u00bbdefault\u00a0\u00bb text_text_color=\u00a0\u00bb#00208A\u00a0\u00bb text_font_size=\u00a0\u00bb19px\u00a0\u00bb border_width_all=\u00a0\u00bb1px\u00a0\u00bb border_color_all=\u00a0\u00bb#0C71C3&Prime; box_shadow_style=\u00a0\u00bbpreset1&Prime; box_shadow_color=\u00a0\u00bb#0C71C3&Prime; global_colors_info=\u00a0\u00bb{}\u00a0\u00bb]<p><strong>5 postes seront lib\u00e9r\u00e9s en novembre 2024<\/strong><\/p>[\/et_pb_text][\/et_pb_column][\/et_pb_row][et_pb_row _builder_version=\u00a0\u00bb4.20.2&Prime; _module_preset=\u00a0\u00bbdefault\u00a0\u00bb global_colors_info=\u00a0\u00bb{}\u00a0\u00bb][et_pb_column type=\u00a0\u00bb4_4&Prime; _builder_version=\u00a0\u00bb4.20.2&Prime; _module_preset=\u00a0\u00bbdefault\u00a0\u00bb global_colors_info=\u00a0\u00bb{}\u00a0\u00bb][et_pb_text _builder_version=\u00a0\u00bb4.20.2&Prime; _module_preset=\u00a0\u00bbdefault\u00a0\u00bb text_text_color=\u00a0\u00bb#00208A\u00a0\u00bb text_font_size=\u00a0\u00bb16px\u00a0\u00bb global_colors_info=\u00a0\u00bb{}\u00a0\u00bb]<p>Deux membres sortants, pr\u00e9sents au Codir depuis 12 ann\u00e9es, doivent maintenant c\u00e9der leur place : <em>S\u00e9bastien CHARNAY et Jean Marie VINATIER<\/em><\/p>\n<p>Trois membres sortent, <em>Marie No\u00eblle DURIX, Michel SENDRA et Carole<\/em>\u00a0<em>SEGAIN<\/em>, ils pourront se pr\u00e9senter \u00e0 nouveau afin de poursuivre leur mission.\u00a0<\/p>[\/et_pb_text][\/et_pb_column][\/et_pb_row][et_pb_row _builder_version=\u00a0\u00bb4.20.2&Prime; _module_preset=\u00a0\u00bbdefault\u00a0\u00bb global_colors_info=\u00a0\u00bb{}\u00a0\u00bb][et_pb_column type=\u00a0\u00bb4_4&Prime; _builder_version=\u00a0\u00bb4.20.2&Prime; _module_preset=\u00a0\u00bbdefault\u00a0\u00bb global_colors_info=\u00a0\u00bb{}\u00a0\u00bb][et_pb_text _builder_version=\u00a0\u00bb4.20.2&Prime; _module_preset=\u00a0\u00bbdefault\u00a0\u00bb text_text_color=\u00a0\u00bb#00208A\u00a0\u00bb text_font_size=\u00a0\u00bb19px\u00a0\u00bb border_width_all=\u00a0\u00bb1px\u00a0\u00bb border_color_all=\u00a0\u00bb#0C71C3&Prime; box_shadow_style=\u00a0\u00bbpreset1&Prime; box_shadow_color=\u00a0\u00bb#0C71C3&Prime; global_colors_info=\u00a0\u00bb{}\u00a0\u00bb]<p><strong>Rejoindre le Codir<\/strong><\/p>[\/et_pb_text][\/et_pb_column][\/et_pb_row][et_pb_row _builder_version=\u00a0\u00bb4.20.2&Prime; _module_preset=\u00a0\u00bbdefault\u00a0\u00bb global_colors_info=\u00a0\u00bb{}\u00a0\u00bb][et_pb_column type=\u00a0\u00bb4_4&Prime; _builder_version=\u00a0\u00bb4.20.2&Prime; _module_preset=\u00a0\u00bbdefault\u00a0\u00bb global_colors_info=\u00a0\u00bb{}\u00a0\u00bb][et_pb_text _builder_version=\u00a0\u00bb4.20.2&Prime; _module_preset=\u00a0\u00bbdefault\u00a0\u00bb text_text_color=\u00a0\u00bb#00208A\u00a0\u00bb text_font_size=\u00a0\u00bb17px\u00a0\u00bb global_colors_info=\u00a0\u00bb{}\u00a0\u00bb]<p>Le Codir est ouvert \u00e0 tous, comme indiqu\u00e9 dans l&rsquo;extrait de nos statuts&#8230;ci-dessus.<\/p>[\/et_pb_text][et_pb_image src=\u00a0\u00bbhttps:\/\/subamacon.com\/wp-content\/uploads\/2024\/02\/Capture-decran-2024-02-13-a-22.14.58.png\u00a0\u00bb title_text=\u00a0\u00bbCapture d\u2019\u00e9cran 2024-02-13 \u00e0 22.14.58&Prime; _builder_version=\u00a0\u00bb4.20.2&Prime; _module_preset=\u00a0\u00bbdefault\u00a0\u00bb global_colors_info=\u00a0\u00bb{}\u00a0\u00bb][\/et_pb_image][et_pb_text _builder_version=\u00a0\u00bb4.20.2&Prime; _module_preset=\u00a0\u00bbdefault\u00a0\u00bb text_text_color=\u00a0\u00bb#00208A\u00a0\u00bb text_font_size=\u00a0\u00bb16px\u00a0\u00bb hover_enabled=\u00a0\u00bb0&Prime; global_colors_info=\u00a0\u00bb{}\u00a0\u00bb sticky_enabled=\u00a0\u00bb0&Prime;]<p>Alors&#8230;Rejoignez l&rsquo;\u00e9quipe !<\/p>\n<p>Investissez-vous dans la gestion, l&rsquo;organisation de la vie du CSM<\/p>[\/et_pb_text][\/et_pb_column][\/et_pb_row][et_pb_row _builder_version=\u00a0\u00bb4.20.2&Prime; _module_preset=\u00a0\u00bbdefault\u00a0\u00bb global_colors_info=\u00a0\u00bb{}\u00a0\u00bb][et_pb_column type=\u00a0\u00bb4_4&Prime; _builder_version=\u00a0\u00bb4.20.2&Prime; _module_preset=\u00a0\u00bbdefault\u00a0\u00bb global_colors_info=\u00a0\u00bb{}\u00a0\u00bb][et_pb_text _builder_version=\u00a0\u00bb4.20.2&Prime; _module_preset=\u00a0\u00bbdefault\u00a0\u00bb text_text_color=\u00a0\u00bb#00208A\u00a0\u00bb text_font_size=\u00a0\u00bb19px\u00a0\u00bb border_width_all=\u00a0\u00bb1px\u00a0\u00bb border_color_all=\u00a0\u00bb#0C71C3&Prime; box_shadow_style=\u00a0\u00bbpreset1&Prime; box_shadow_color=\u00a0\u00bb#0C71C3&Prime; global_colors_info=\u00a0\u00bb{}\u00a0\u00bb]<p><strong>Participez aux r\u00e9unions du Codir &#8230; <em>DES MAINTENANT<\/em><\/strong><\/p>[\/et_pb_text][et_pb_text _builder_version=\u00a0\u00bb4.20.2&Prime; _module_preset=\u00a0\u00bbdefault\u00a0\u00bb text_text_color=\u00a0\u00bb#00208A\u00a0\u00bb text_font_size=\u00a0\u00bb16px\u00a0\u00bb hover_enabled=\u00a0\u00bb0&Prime; global_colors_info=\u00a0\u00bb{}\u00a0\u00bb sticky_enabled=\u00a0\u00bb0&Prime;]<p>D\u00e9couvrir le fonctionnement du groupe, les actions men\u00e9es, la pr\u00e9paration des mois \u00e0 venir, etc&#8230;\u00a0Organiser la vie du club&#8230;<\/p>\n<p>Vous \u00eates curieux ? Envie de participer ?<\/p>\n<p>Soumettez votre souhait de d\u00e9couvrir le Codir \u00e0 S\u00e9bastien CHARNAY sur <em><strong><a href=\"mailto:president@subamacon.com\" target=\"_blank\" rel=\"noopener\">president@subamacon.com<\/a><\/strong><\/em><\/p>[\/et_pb_text][\/et_pb_column][\/et_pb_row][\/et_pb_section]\n","protected":false},"excerpt":{"rendered":"<p>Novembre 2024, L&rsquo;ASSEMBLEE GENERALE sera ELECTIVE. Du changement aura lieu dans la composition du Comit\u00e9 Directeur.\u00a0 Les 15 nouveaux membres du Codir auront pour 1\u00e8re mission d&rsquo;\u00e9lire le bureau et [&hellip;]<\/p>\n","protected":false},"author":3,"featured_media":245294,"comment_status":"closed","ping_status":"closed","sticky":false,"template":"","format":"standard","meta":{"_et_pb_use_builder":"on","_et_pb_old_content":"","_et_gb_content_width":"","footnotes":""},"categories":[16],"tags":[],"class_list":["post-245254","post","type-post","status-publish","format-standard","has-post-thumbnail","hentry","category-codir","et-has-post-format-content","et_post_format-et-post-format-standard"],"_links":{"self":[{"href":"https:\/\/subamacon.com\/index.php\/wp-json\/wp\/v2\/posts\/245254","targetHints":{"allow":["GET"]}}],"collection":[{"href":"https:\/\/subamacon.com\/index.php\/wp-json\/wp\/v2\/posts"}],"about":[{"href":"https:\/\/subamacon.com\/index.php\/wp-json\/wp\/v2\/types\/post"}],"author":[{"embeddable":true,"href":"https:\/\/subamacon.com\/index.php\/wp-json\/wp\/v2\/users\/3"}],"replies":[{"embeddable":true,"href":"https:\/\/subamacon.com\/index.php\/wp-json\/wp\/v2\/comments?post=245254"}],"version-history":[{"count":15,"href":"https:\/\/subamacon.com\/index.php\/wp-json\/wp\/v2\/posts\/245254\/revisions"}],"predecessor-version":[{"id":245844,"href":"https:\/\/subamacon.com\/index.php\/wp-json\/wp\/v2\/posts\/245254\/revisions\/245844"}],"wp:featuredmedia":[{"embeddable":true,"href":"https:\/\/subamacon.com\/index.php\/wp-json\/wp\/v2\/media\/245294"}],"wp:attachment":[{"href":"https:\/\/subamacon.com\/index.php\/wp-json\/wp\/v2\/media?parent=245254"}],"wp:term":[{"taxonomy":"category","embeddable":true,"href":"https:\/\/subamacon.com\/index.php\/wp-json\/wp\/v2\/categories?post=245254"},{"taxonomy":"post_tag","embeddable":true,"href":"https:\/\/subamacon.com\/index.php\/wp-json\/wp\/v2\/tags?post=245254"}],"curies":[{"name":"wp","href":"https:\/\/api.w.org\/{rel}","templated":true}]}}