{"id":242680,"date":"2022-08-08T22:46:47","date_gmt":"2022-08-08T20:46:47","guid":{"rendered":"https:\/\/subamacon.com\/?p=242680"},"modified":"2022-08-08T22:46:48","modified_gmt":"2022-08-08T20:46:48","slug":"123-macon-3-4-septembre-2022","status":"publish","type":"post","link":"https:\/\/subamacon.com\/index.php\/2022\/08\/08\/123-macon-3-4-septembre-2022\/","title":{"rendered":"123 MACON &#8211; 3 &amp; 4 septembre 2022"},"content":{"rendered":"<p>[et_pb_section fb_built=\u00a0\u00bb1&Prime; theme_builder_area=\u00a0\u00bbpost_content\u00a0\u00bb _builder_version=\u00a0\u00bb4.14.7&Prime; _module_preset=\u00a0\u00bbdefault\u00a0\u00bb][et_pb_row _builder_version=\u00a0\u00bb4.14.7&Prime; _module_preset=\u00a0\u00bbdefault\u00a0\u00bb theme_builder_area=\u00a0\u00bbpost_content\u00a0\u00bb][et_pb_column _builder_version=\u00a0\u00bb4.14.7&Prime; _module_preset=\u00a0\u00bbdefault\u00a0\u00bb type=\u00a0\u00bb4_4&Prime; theme_builder_area=\u00a0\u00bbpost_content\u00a0\u00bb][et_pb_text _builder_version=\u00a0\u00bb4.14.7&Prime; _module_preset=\u00a0\u00bbdefault\u00a0\u00bb theme_builder_area=\u00a0\u00bbpost_content\u00a0\u00bb text_font_size=\u00a0\u00bb17px\u00a0\u00bb text_text_color=\u00a0\u00bb#000000&Prime; hover_enabled=\u00a0\u00bb0&Prime; sticky_enabled=\u00a0\u00bb0&Prime;]<\/p>\n<p><strong>PARC DE EXPOSITION DE MACON<\/strong><\/p>\n<p>Rejoignez nous sur le stand du CSM !!<\/p>\n<p>Samedi apr\u00e8s midi et dimanche toute la journ\u00e9e, nous serons pr\u00e9sents.<\/p>\n<p>Donner des informations, partager de notre passion, nos exp\u00e9riences&#8230;<\/p>\n<p>Venez nous rendre visite, nous soutenir et partager avec nous !!<\/p>\n<p>&nbsp;<\/p>\n<p>Des bapt\u00eames de plong\u00e9es seront possibles le dimanche \u00e0 la piscine de M\u00e2con.\u00a0<\/p>\n<p>Sur r\u00e9servation UNIQUEMENT sur le stand, d\u00e8s le samedi. (Nombre de places limit\u00e9)<\/p>\n<p>[\/et_pb_text][\/et_pb_column][\/et_pb_row][\/et_pb_section]<\/p>\n","protected":false},"excerpt":{"rendered":"<p>PARC DE EXPOSITION DE MACON Rejoignez nous sur le stand du CSM !! Samedi apr\u00e8s midi et dimanche toute la journ\u00e9e, nous serons pr\u00e9sents. Donner des informations, partager de notre [&hellip;]<\/p>\n","protected":false},"author":3,"featured_media":242681,"comment_status":"closed","ping_status":"closed","sticky":false,"template":"","format":"standard","meta":{"_et_pb_use_builder":"on","_et_pb_old_content":"","_et_gb_content_width":"","footnotes":""},"categories":[16,63],"tags":[],"class_list":["post-242680","post","type-post","status-publish","format-standard","has-post-thumbnail","hentry","category-codir","category-evenement","et-has-post-format-content","et_post_format-et-post-format-standard"],"_links":{"self":[{"href":"https:\/\/subamacon.com\/index.php\/wp-json\/wp\/v2\/posts\/242680","targetHints":{"allow":["GET"]}}],"collection":[{"href":"https:\/\/subamacon.com\/index.php\/wp-json\/wp\/v2\/posts"}],"about":[{"href":"https:\/\/subamacon.com\/index.php\/wp-json\/wp\/v2\/types\/post"}],"author":[{"embeddable":true,"href":"https:\/\/subamacon.com\/index.php\/wp-json\/wp\/v2\/users\/3"}],"replies":[{"embeddable":true,"href":"https:\/\/subamacon.com\/index.php\/wp-json\/wp\/v2\/comments?post=242680"}],"version-history":[{"count":2,"href":"https:\/\/subamacon.com\/index.php\/wp-json\/wp\/v2\/posts\/242680\/revisions"}],"predecessor-version":[{"id":242697,"href":"https:\/\/subamacon.com\/index.php\/wp-json\/wp\/v2\/posts\/242680\/revisions\/242697"}],"wp:featuredmedia":[{"embeddable":true,"href":"https:\/\/subamacon.com\/index.php\/wp-json\/wp\/v2\/media\/242681"}],"wp:attachment":[{"href":"https:\/\/subamacon.com\/index.php\/wp-json\/wp\/v2\/media?parent=242680"}],"wp:term":[{"taxonomy":"category","embeddable":true,"href":"https:\/\/subamacon.com\/index.php\/wp-json\/wp\/v2\/categories?post=242680"},{"taxonomy":"post_tag","embeddable":true,"href":"https:\/\/subamacon.com\/index.php\/wp-json\/wp\/v2\/tags?post=242680"}],"curies":[{"name":"wp","href":"https:\/\/api.w.org\/{rel}","templated":true}]}}