{"id":242538,"date":"2022-06-20T12:26:00","date_gmt":"2022-06-20T10:26:00","guid":{"rendered":"https:\/\/subamacon.com\/?p=242538"},"modified":"2022-06-20T13:22:46","modified_gmt":"2022-06-20T11:22:46","slug":"thierry-champion-de-france","status":"publish","type":"post","link":"https:\/\/subamacon.com\/index.php\/2022\/06\/20\/thierry-champion-de-france\/","title":{"rendered":"Thierry &#8211; Champion de France"},"content":{"rendered":"\n[et_pb_section fb_built=\u00a0\u00bb1&Prime; _builder_version=\u00a0\u00bb4.14.7&Prime; _module_preset=\u00a0\u00bbdefault\u00a0\u00bb global_colors_info=\u00a0\u00bb{}\u00a0\u00bb][et_pb_row _builder_version=\u00a0\u00bb4.14.7&Prime; _module_preset=\u00a0\u00bbdefault\u00a0\u00bb global_colors_info=\u00a0\u00bb{}\u00a0\u00bb][et_pb_column type=\u00a0\u00bb4_4&Prime; _builder_version=\u00a0\u00bb4.14.7&Prime; _module_preset=\u00a0\u00bbdefault\u00a0\u00bb global_colors_info=\u00a0\u00bb{}\u00a0\u00bb][et_pb_text _builder_version=\u00a0\u00bb4.14.7&Prime; _module_preset=\u00a0\u00bbdefault\u00a0\u00bb global_colors_info=\u00a0\u00bb{}\u00a0\u00bb]<h1 style=\"text-align: center\"><strong>En plein dans le mil !!!<\/strong><strong><\/strong><\/h1>[\/et_pb_text][\/et_pb_column][\/et_pb_row][\/et_pb_section][et_pb_section fb_built=\u00a0\u00bb1&Prime; _builder_version=\u00a0\u00bb4.14.7&Prime; _module_preset=\u00a0\u00bbdefault\u00a0\u00bb global_colors_info=\u00a0\u00bb{}\u00a0\u00bb][et_pb_row _builder_version=\u00a0\u00bb4.14.7&Prime; _module_preset=\u00a0\u00bbdefault\u00a0\u00bb global_colors_info=\u00a0\u00bb{}\u00a0\u00bb][et_pb_column type=\u00a0\u00bb4_4&Prime; _builder_version=\u00a0\u00bb4.14.7&Prime; _module_preset=\u00a0\u00bbdefault\u00a0\u00bb global_colors_info=\u00a0\u00bb{}\u00a0\u00bb][et_pb_blurb image=\u00a0\u00bbhttps:\/\/subamacon.com\/wp-content\/uploads\/2022\/06\/TD-scaled.jpg\u00a0\u00bb _builder_version=\u00a0\u00bb4.14.7&Prime; _module_preset=\u00a0\u00bbdefault\u00a0\u00bb header_level=\u00a0\u00bbh2&Prime; header_font=\u00a0\u00bbAbril Fatface|700||on|||||\u00a0\u00bb header_text_align=\u00a0\u00bbcenter\u00a0\u00bb header_text_color=\u00a0\u00bb#0a0aa8&Prime; header_font_size=\u00a0\u00bb21px\u00a0\u00bb header_letter_spacing=\u00a0\u00bb2px\u00a0\u00bb body_font=\u00a0\u00bbABeeZee||||||||\u00a0\u00bb body_text_align=\u00a0\u00bbcenter\u00a0\u00bb body_font_size=\u00a0\u00bb16px\u00a0\u00bb text_orientation=\u00a0\u00bbcenter\u00a0\u00bb box_shadow_style_image=\u00a0\u00bbpreset2&Prime; global_colors_info=\u00a0\u00bb{}\u00a0\u00bb]<p style=\"text-align: justify\">Notre responsable de la commission Tir Sur Cible du CSM, Thierry DUCHER,\u00a0 est mont\u00e9 sur la 1\u00e8re marche du podium aux championnats de France TSC dans la comp\u00e9tition de pr\u00e9cision.<\/p>[\/et_pb_blurb][\/et_pb_column][\/et_pb_row][et_pb_row _builder_version=\u00a0\u00bb4.14.7&Prime; _module_preset=\u00a0\u00bbdefault\u00a0\u00bb global_colors_info=\u00a0\u00bb{}\u00a0\u00bb][et_pb_column type=\u00a0\u00bb4_4&Prime; _builder_version=\u00a0\u00bb4.14.7&Prime; _module_preset=\u00a0\u00bbdefault\u00a0\u00bb global_colors_info=\u00a0\u00bb{}\u00a0\u00bb][et_pb_text _builder_version=\u00a0\u00bb4.14.7&Prime; _module_preset=\u00a0\u00bbdefault\u00a0\u00bb text_font=\u00a0\u00bbABeeZee|700|||||||\u00a0\u00bb text_text_color=\u00a0\u00bb#0038F0&Prime; text_font_size=\u00a0\u00bb26px\u00a0\u00bb text_letter_spacing=\u00a0\u00bb1px\u00a0\u00bb text_orientation=\u00a0\u00bbcenter\u00a0\u00bb text_text_shadow_style=\u00a0\u00bbpreset2&Prime; global_colors_info=\u00a0\u00bb{}\u00a0\u00bb]<p>F\u00e9licitations pour cette belle performance !!!<\/p>[\/et_pb_text][\/et_pb_column][\/et_pb_row][et_pb_row _builder_version=\u00a0\u00bb4.14.7&Prime; _module_preset=\u00a0\u00bbdefault\u00a0\u00bb global_colors_info=\u00a0\u00bb{}\u00a0\u00bb][et_pb_column type=\u00a0\u00bb4_4&Prime; _builder_version=\u00a0\u00bb4.14.7&Prime; _module_preset=\u00a0\u00bbdefault\u00a0\u00bb global_colors_info=\u00a0\u00bb{}\u00a0\u00bb][et_pb_image src=\u00a0\u00bbhttps:\/\/subamacon.com\/wp-content\/uploads\/2022\/06\/TD-2-scaled.jpg\u00a0\u00bb title_text=\u00a0\u00bbTD-2&Prime; _builder_version=\u00a0\u00bb4.14.7&Prime; _module_preset=\u00a0\u00bbdefault\u00a0\u00bb global_colors_info=\u00a0\u00bb{}\u00a0\u00bb][\/et_pb_image][\/et_pb_column][\/et_pb_row][et_pb_row _builder_version=\u00a0\u00bb4.14.7&Prime; _module_preset=\u00a0\u00bbdefault\u00a0\u00bb][et_pb_column _builder_version=\u00a0\u00bb4.14.7&Prime; _module_preset=\u00a0\u00bbdefault\u00a0\u00bb type=\u00a0\u00bb4_4&Prime;][et_pb_text _builder_version=\u00a0\u00bb4.14.7&Prime; _module_preset=\u00a0\u00bbdefault\u00a0\u00bb hover_enabled=\u00a0\u00bb0&Prime; sticky_enabled=\u00a0\u00bb0&Prime;]<p style=\"text-align: justify\"><span style=\"font-size: 10pt;font-family: verdana, geneva, sans-serif\">Deux membres du club participaient les 4 et 5\u00a0 juin 2022 aux championnats de France de tir sur cible subaquatique \u00e0 Annecy.<\/span><span style=\"font-size: 10pt;font-family: verdana, geneva, sans-serif\"><\/span><\/p>\n<p style=\"text-align: justify\"><span style=\"font-size: 10pt;font-family: verdana, geneva, sans-serif\">Michel Manrique est parvenu jusqu\u2019au quart de finale du super biathlon et se classe 20e au combin\u00e9.<\/span><\/p>\n<p style=\"text-align: justify\"><span style=\"font-size: 10pt;font-family: verdana, geneva, sans-serif\">Thierry Ducher est lui mont\u00e9 sur la 1\u00e8re marche du podium au tir de pr\u00e9cision. <strong>Cerise sur le g\u00e2teau, il d\u00e9tient d\u00e9sormais le record national avec ses 5322 points.<\/strong><\/span><\/p>\n<p style=\"text-align: justify\"><span style=\"font-size: 10pt;font-family: verdana, geneva, sans-serif\">L\u2019\u00e9preuve de pr\u00e9cision consiste \u00e0 r\u00e9aliser dix tirs dans une cible \u00e0 5 visuels, avec le m\u00eame mat\u00e9riel, en un temps maximum de 10 minutes. Et tout cela en apn\u00e9e, avec une ligne de d\u00e9part situ\u00e9e \u00e0 15 m\u00e8tres de la cible.<\/span><\/p>\n<p style=\"text-align: justify\"><span style=\"font-size: 10pt;font-family: verdana, geneva, sans-serif\">Arriv\u00e9 au CSM en 1983, Thierry d\u00e9bute la plong\u00e9e sous-marine en bouteille et passe ses niveaux 1, 2 et 3 en quelques ann\u00e9es, puis il devient initiateur et entre ainsi dans la cour des moniteurs pour transmettre sa passion \u00e0 ceux qui souhaitent la d\u00e9couvrir. En 1989, il devient moniteur f\u00e9d\u00e9ral de 1 er niveau (MF1) en plong\u00e9e sous-marine.<\/span><\/p>\n<p style=\"text-align: justify\"><span style=\"font-size: 10pt;font-family: verdana, geneva, sans-serif\">Thierry s\u2019est beaucoup investi au sein du CSM, en tant que responsable du mat\u00e9riel, puis responsable de la technique et des formations. Il s\u2019est aussi frott\u00e9 \u00e0 la tr\u00e9sorerie et au secr\u00e9tariat du club.<\/span><\/p>\n<p style=\"text-align: justify\"><span style=\"font-size: 10pt;font-family: verdana, geneva, sans-serif\">En 2013, il cr\u00e9e avec sa compagne Nicole, la commission tir sur cible, afin de d\u00e9velopper la comp\u00e9tition dans cette discipline. En 2018, il devient moniteur f\u00e9d\u00e9ral niveau 1 (MF1) dans la cat\u00e9gorie tir sur cible.<\/span><\/p>\n<p style=\"text-align: justify\"><span style=\"font-size: 10pt;font-family: verdana, geneva, sans-serif\">Ann\u00e9es apr\u00e8s ann\u00e9es, les r\u00e9sultats s\u2019accumulent pour les adeptes m\u00e2connais de cette discipline peu connue\u2026 pour une cons\u00e9cration en juin 2022 : Thierry, Champion de France !<\/span><\/p>\n<p style=\"text-align: justify\"><span style=\"font-size: 10pt;font-family: verdana, geneva, sans-serif\">Toujours \u00e9pris de progression, il pr\u00e9pare actuellement l\u2019examen suivant, le MF2 pour fin 2022.<\/span><\/p>\n<p style=\"text-align: justify\"><span style=\"font-size: 10pt;font-family: verdana, geneva, sans-serif\">Un riche parcours de passionn\u00e9 ! Bravo pour cette belle carri\u00e8re subaquatique\u2026toujours en \u00e9volution !<\/span><\/p>[\/et_pb_text][\/et_pb_column][\/et_pb_row][\/et_pb_section]\n","protected":false},"excerpt":{"rendered":"<p>En plein dans le mil !!!Notre responsable de la commission Tir Sur Cible du CSM, Thierry DUCHER,\u00a0 est mont\u00e9 sur la 1\u00e8re marche du podium aux championnats de France TSC [&hellip;]<\/p>\n","protected":false},"author":3,"featured_media":242546,"comment_status":"closed","ping_status":"closed","sticky":false,"template":"","format":"standard","meta":{"_et_pb_use_builder":"on","_et_pb_old_content":"","_et_gb_content_width":"","footnotes":""},"categories":[15],"tags":[],"class_list":["post-242538","post","type-post","status-publish","format-standard","has-post-thumbnail","hentry","category-tir-sur-cible","et-has-post-format-content","et_post_format-et-post-format-standard"],"_links":{"self":[{"href":"https:\/\/subamacon.com\/index.php\/wp-json\/wp\/v2\/posts\/242538","targetHints":{"allow":["GET"]}}],"collection":[{"href":"https:\/\/subamacon.com\/index.php\/wp-json\/wp\/v2\/posts"}],"about":[{"href":"https:\/\/subamacon.com\/index.php\/wp-json\/wp\/v2\/types\/post"}],"author":[{"embeddable":true,"href":"https:\/\/subamacon.com\/index.php\/wp-json\/wp\/v2\/users\/3"}],"replies":[{"embeddable":true,"href":"https:\/\/subamacon.com\/index.php\/wp-json\/wp\/v2\/comments?post=242538"}],"version-history":[{"count":5,"href":"https:\/\/subamacon.com\/index.php\/wp-json\/wp\/v2\/posts\/242538\/revisions"}],"predecessor-version":[{"id":242551,"href":"https:\/\/subamacon.com\/index.php\/wp-json\/wp\/v2\/posts\/242538\/revisions\/242551"}],"wp:featuredmedia":[{"embeddable":true,"href":"https:\/\/subamacon.com\/index.php\/wp-json\/wp\/v2\/media\/242546"}],"wp:attachment":[{"href":"https:\/\/subamacon.com\/index.php\/wp-json\/wp\/v2\/media?parent=242538"}],"wp:term":[{"taxonomy":"category","embeddable":true,"href":"https:\/\/subamacon.com\/index.php\/wp-json\/wp\/v2\/categories?post=242538"},{"taxonomy":"post_tag","embeddable":true,"href":"https:\/\/subamacon.com\/index.php\/wp-json\/wp\/v2\/tags?post=242538"}],"curies":[{"name":"wp","href":"https:\/\/api.w.org\/{rel}","templated":true}]}}