{"id":1666,"date":"2020-08-14T08:47:00","date_gmt":"2020-08-14T06:47:00","guid":{"rendered":"https:\/\/subamacon.com\/?p=1666"},"modified":"2021-02-23T17:33:28","modified_gmt":"2021-02-23T16:33:28","slug":"assemblee-generale-2019","status":"publish","type":"post","link":"https:\/\/subamacon.com\/index.php\/2020\/08\/14\/assemblee-generale-2019\/","title":{"rendered":"Assembl\u00e9e g\u00e9n\u00e9rale &#8211; samedi 20 f\u00e9vrier 2021"},"content":{"rendered":"<p><strong>Notre Assembl\u00e9e G\u00e9n\u00e9rale aura lieu <\/strong><\/p>\n<p><strong>le samedi 20 f\u00e9vrier \u00e0 10h00 en vid\u00e9o-conf\u00e9rence<\/strong>.<\/p>\n<p>Surveillez vos mails de \u00ab\u00a0CSM La Com\u00a0\u00bb<\/p>\n<p>Vous recevrez le lien vous permettant de vous connecter<\/p>\n<p><strong>Tous les adh\u00e9rents peuvent participer \u00e0 cette r\u00e9union<\/strong><\/p>\n<h1>\nDe fa\u00e7on pratique, comment cela va-t-il se passer ?<\/h1>\n<ul>\n<li><strong><u>&nbsp;Samedi 16 janvier 2021 : Mail adress\u00e9 \u00e0 tous les adh\u00e9rents<\/u><\/strong><\/li>\n<\/ul>\n<p>Nous vous fournirons un lien qui vous permettra de t\u00e9l\u00e9charger et de prendre connaissance des diff\u00e9rents documents suivants&nbsp;:<\/p>\n<ul>\n<li>Le rapport moral du Pr\u00e9sident,<\/li>\n<li>Le rapport financier expliqu\u00e9<\/li>\n<li>Les rapports d\u2019activit\u00e9 des diff\u00e9rentes commissions<\/li>\n<li>La pr\u00e9sentation des postulants pour nos \u00e9lections, 5 personnes devant \u00eatre \u00e9lues cette ann\u00e9e (d\u00e9tails sur le blog du site)<\/li>\n<\/ul>\n<p>Un formulaire pr\u00e9sent dans le mail vous permettra de poser vos questions et de faire vos remarques.<\/p>\n<p>Par d\u00e9sir d\u2019\u00e9quit\u00e9 et de transparence, l\u2019ensemble des remarques et questions accompagn\u00e9es de la r\u00e9ponse seront adress\u00e9es \u00e0 tous.<\/p>\n<ul>\n<li><strong><u>Samedi 6 f\u00e9vrier \u00e0 10h00 : vid\u00e9o-conf\u00e9rence d\u2019informations<\/u><\/strong><\/li>\n<\/ul>\n<p>Vous recevrez un lien par mail vous permettant de vous connecter \u00e0 cette r\u00e9union.<\/p>\n<p>Ce moment permettra de r\u00e9gler l\u2019aspect technique, afin d\u2019\u00eatre certain que vous \u00eates bien en mesure de vous connecter en vid\u00e9o-conf\u00e9rence (de votre ordinateur ou de votre smartphone).<\/p>\n<p>Une aide pourra vous \u00eatre apport\u00e9e si besoin.<\/p>\n<p>Nous pourrons \u00e9galement r\u00e9pondre \u00e0 vos questions<\/p>\n<ul>\n<li><strong><u>Samedi 6 f\u00e9vrier : Un nouveau mail pour voter<\/u><\/strong><\/li>\n<\/ul>\n<p>Dans la foul\u00e9e de cette 1<sup>\u00e8re<\/sup> vid\u00e9o, un nouveau mail sera adress\u00e9 aux adh\u00e9rents en mesure de voter. Il comportera un formulaire permettant de voter<\/p>\n<ul>\n<li style=\"list-style-type: none\">\n<ul>\n<li>L\u2019approbation du budget<\/li>\n<li>La modification apport\u00e9e aux statuts (expliqu\u00e9 dans les documents \u00e0 t\u00e9l\u00e9charger)<\/li>\n<li>Les membres du comit\u00e9 directeur<\/li>\n<\/ul>\n<\/li>\n<\/ul>\n<ul>\n<li><strong><u>Samedi 13 f\u00e9vrier : fin des votes <\/u><\/strong><\/li>\n<li><strong><u>Samedi 20 f\u00e9vrier 2021 \u00e0 10h&nbsp;: Assembl\u00e9e G\u00e9n\u00e9rale en Vid\u00e9o-conf\u00e9rence<\/u><\/strong><\/li>\n<\/ul>\n<p>Cette r\u00e9union sera officiellement notre AG, elle sera l\u2019occasion de vous pr\u00e9senter les r\u00e9sultats des diff\u00e9rents votes.<\/p>\n<p>Nous vous invitons \u00e0 noter ces rendez-vous dans votre agenda et de nous contacter pour toute difficult\u00e9 de connexion<\/p>\n<p>Nous sommes conscients que cette fa\u00e7on de proc\u00e9der n&rsquo;est pas la plus conviviale, en m\u00eame temps la situation sanitaire nous am\u00e8ne \u00e0 devoir nous adapter.<\/p>\n<p>Pour toute question , contacter les membres du Comit\u00e9 directeur<\/p>\n<p>president@subamacon.com \/\/ secretaire@subamacon.com<\/p>\n<p><strong>Cette \u00e9dition sera \u00e9lective<\/strong>,<\/p>\n<p>elle sera l&rsquo;occasion de renouveler une partie du Comit\u00e9 Directeur actuellement compos\u00e9 de&nbsp; 15 personnes.<\/p>\n<p>5 postes se lib\u00e9reront . Plus de d\u00e9tails bient\u00f4t \u00e0 ce sujet.<\/p>\n<p>Vous souhaitez candidater et faire partie de l&rsquo;\u00e9quipe&nbsp; ? C&rsquo;est encore possible !!!<\/p>\n<p>voici le rappel de notre r\u00e8glement int\u00e9rieur :<\/p>\n<p><em>Les candidats au Comit\u00e9 Directeur doivent :<\/em><\/p>\n<ul>\n<li><em>\u00eatre \u00e0 jour de cotisation au 31 octobre 20,<\/em><\/li>\n<li><em>poser leur candidature au moins 15 jours avant la date de l\u2019Assembl\u00e9e G\u00e9n\u00e9rale par courrier adress\u00e9 au Pr\u00e9sident;<\/em><\/li>\n<li><em>s\u2019engager \u00e0 respecter les r\u00e8gles de fonctionnement du Comit\u00e9 Directeur, en particulier la pr\u00e9sence aux r\u00e9unions;<\/em><\/li>\n<li><em>\u00eatre majeur et \u00eatre membre du Club depuis plus de 6 mois, conform\u00e9ment \u00e0 nos statuts<\/em><\/li>\n<\/ul>\n<p><i><u><em>&nbsp;<\/em><\/u><\/i><\/p>\n<p>En attendant des jours meilleurs o\u00f9 nous pourrons nous retrouver autour des bassins ou sur un bateau, bloc sur le dos, prenez soin de vous.<\/p>\n","protected":false},"excerpt":{"rendered":"<p>Notre Assembl\u00e9e G\u00e9n\u00e9rale aura lieu le samedi 20 f\u00e9vrier \u00e0 10h00 en vid\u00e9o-conf\u00e9rence. Surveillez vos mails de \u00ab\u00a0CSM La Com\u00a0\u00bb Vous recevrez le lien vous permettant de vous connecter Tous [&hellip;]<\/p>\n","protected":false},"author":3,"featured_media":3157,"comment_status":"closed","ping_status":"closed","sticky":false,"template":"","format":"standard","meta":{"_et_pb_use_builder":"","_et_pb_old_content":"","_et_gb_content_width":"","footnotes":""},"categories":[16],"tags":[],"class_list":["post-1666","post","type-post","status-publish","format-standard","has-post-thumbnail","hentry","category-codir"],"_links":{"self":[{"href":"https:\/\/subamacon.com\/index.php\/wp-json\/wp\/v2\/posts\/1666","targetHints":{"allow":["GET"]}}],"collection":[{"href":"https:\/\/subamacon.com\/index.php\/wp-json\/wp\/v2\/posts"}],"about":[{"href":"https:\/\/subamacon.com\/index.php\/wp-json\/wp\/v2\/types\/post"}],"author":[{"embeddable":true,"href":"https:\/\/subamacon.com\/index.php\/wp-json\/wp\/v2\/users\/3"}],"replies":[{"embeddable":true,"href":"https:\/\/subamacon.com\/index.php\/wp-json\/wp\/v2\/comments?post=1666"}],"version-history":[{"count":48,"href":"https:\/\/subamacon.com\/index.php\/wp-json\/wp\/v2\/posts\/1666\/revisions"}],"predecessor-version":[{"id":3214,"href":"https:\/\/subamacon.com\/index.php\/wp-json\/wp\/v2\/posts\/1666\/revisions\/3214"}],"wp:featuredmedia":[{"embeddable":true,"href":"https:\/\/subamacon.com\/index.php\/wp-json\/wp\/v2\/media\/3157"}],"wp:attachment":[{"href":"https:\/\/subamacon.com\/index.php\/wp-json\/wp\/v2\/media?parent=1666"}],"wp:term":[{"taxonomy":"category","embeddable":true,"href":"https:\/\/subamacon.com\/index.php\/wp-json\/wp\/v2\/categories?post=1666"},{"taxonomy":"post_tag","embeddable":true,"href":"https:\/\/subamacon.com\/index.php\/wp-json\/wp\/v2\/tags?post=1666"}],"curies":[{"name":"wp","href":"https:\/\/api.w.org\/{rel}","templated":true}]}}